{"id":720,"date":"2014-07-09T19:15:28","date_gmt":"2014-07-09T17:15:28","guid":{"rendered":"http:\/\/www.ommertalhof.de\/?p=720"},"modified":"2014-10-04T22:40:13","modified_gmt":"2014-10-04T20:40:13","slug":"patchworkmauer","status":"publish","type":"post","link":"http:\/\/www.ommertalhof.de\/?p=720","title":{"rendered":"Patchworkmauer"},"content":{"rendered":"<div id=\"attachment_722\" style=\"width: 450px\" class=\"wp-caption alignleft\"><a href=\"http:\/\/www.ommertalhof.de\/wp-content\/uploads\/2014\/07\/011a.jpg\"><img loading=\"lazy\" decoding=\"async\" aria-describedby=\"caption-attachment-722\" class=\"size-large wp-image-722\" src=\"http:\/\/www.ommertalhof.de\/wp-content\/uploads\/2014\/07\/011a-1024x768.jpg\" alt=\"Auf diesem Bild sieht man eine unserer Patchworkmauern . In die Mauer eingelassen sind zwei gebogene Eichenbalken die das Ger\u00fcst f\u00fcr einen Zaun aus Holunder bilden.\" width=\"440\" height=\"330\" srcset=\"http:\/\/www.ommertalhof.de\/wp-content\/uploads\/2014\/07\/011a-1024x768.jpg 1024w, http:\/\/www.ommertalhof.de\/wp-content\/uploads\/2014\/07\/011a-300x225.jpg 300w, http:\/\/www.ommertalhof.de\/wp-content\/uploads\/2014\/07\/011a-960x720.jpg 960w, http:\/\/www.ommertalhof.de\/wp-content\/uploads\/2014\/07\/011a-1600x1200.jpg 1600w\" sizes=\"(max-width: 440px) 100vw, 440px\" \/><\/a><p id=\"caption-attachment-722\" class=\"wp-caption-text\">Auf diesem Bild sieht man eine unserer Patchworkmauern . In die Mauer eingelassen sind zwei gebogene Eichenbalken, die das Ger\u00fcst f\u00fcr einen Zaun aus Holunder bilden.<\/p><\/div>\n<div id=\"attachment_730\" style=\"width: 450px\" class=\"wp-caption alignleft\"><a href=\"http:\/\/www.ommertalhof.de\/wp-content\/uploads\/2014\/07\/DSCN2063.jpg\"><img loading=\"lazy\" decoding=\"async\" aria-describedby=\"caption-attachment-730\" class=\"size-large wp-image-730\" src=\"http:\/\/www.ommertalhof.de\/wp-content\/uploads\/2014\/07\/DSCN2063-1024x768.jpg\" alt=\"Unsere neuen Patchworkmauer besteht aus Quarzithen , Grauwacke , Schiefer und Stiftbasalt\" width=\"440\" height=\"330\" srcset=\"http:\/\/www.ommertalhof.de\/wp-content\/uploads\/2014\/07\/DSCN2063-1024x768.jpg 1024w, http:\/\/www.ommertalhof.de\/wp-content\/uploads\/2014\/07\/DSCN2063-300x224.jpg 300w, http:\/\/www.ommertalhof.de\/wp-content\/uploads\/2014\/07\/DSCN2063-960x720.jpg 960w, http:\/\/www.ommertalhof.de\/wp-content\/uploads\/2014\/07\/DSCN2063-1600x1200.jpg 1600w\" sizes=\"(max-width: 440px) 100vw, 440px\" \/><\/a><p id=\"caption-attachment-730\" class=\"wp-caption-text\">Diese neuen Patchworkmauer besteht aus Quarzithen , Grauwacke , Schiefer und Stiftbasalt<\/p><\/div>\n<div id=\"attachment_727\" style=\"width: 450px\" class=\"wp-caption alignleft\"><a href=\"http:\/\/www.ommertalhof.de\/wp-content\/uploads\/2014\/07\/DSCN2056.jpg\"><img loading=\"lazy\" decoding=\"async\" aria-describedby=\"caption-attachment-727\" class=\"size-large wp-image-727\" src=\"http:\/\/www.ommertalhof.de\/wp-content\/uploads\/2014\/07\/DSCN2056-1024x768.jpg\" alt=\"Hier sieht man die spezielle Formgebung der Mauer \" width=\"440\" height=\"330\" srcset=\"http:\/\/www.ommertalhof.de\/wp-content\/uploads\/2014\/07\/DSCN2056-1024x768.jpg 1024w, http:\/\/www.ommertalhof.de\/wp-content\/uploads\/2014\/07\/DSCN2056-300x224.jpg 300w, http:\/\/www.ommertalhof.de\/wp-content\/uploads\/2014\/07\/DSCN2056-960x720.jpg 960w, http:\/\/www.ommertalhof.de\/wp-content\/uploads\/2014\/07\/DSCN2056-1600x1200.jpg 1600w\" sizes=\"(max-width: 440px) 100vw, 440px\" \/><\/a><p id=\"caption-attachment-727\" class=\"wp-caption-text\">Hier sieht man die spezielle Formgebung der Mauer<\/p><\/div>\n<div id=\"attachment_729\" style=\"width: 450px\" class=\"wp-caption alignleft\"><a href=\"http:\/\/www.ommertalhof.de\/wp-content\/uploads\/2014\/07\/DSCN2060.jpg\"><img loading=\"lazy\" decoding=\"async\" aria-describedby=\"caption-attachment-729\" class=\"size-large wp-image-729\" src=\"http:\/\/www.ommertalhof.de\/wp-content\/uploads\/2014\/07\/DSCN2060-1024x768.jpg\" alt=\"Die unterschiedlichen Materialien in Nahaufnahme\" width=\"440\" height=\"330\" srcset=\"http:\/\/www.ommertalhof.de\/wp-content\/uploads\/2014\/07\/DSCN2060-1024x768.jpg 1024w, http:\/\/www.ommertalhof.de\/wp-content\/uploads\/2014\/07\/DSCN2060-300x224.jpg 300w, http:\/\/www.ommertalhof.de\/wp-content\/uploads\/2014\/07\/DSCN2060-960x720.jpg 960w, http:\/\/www.ommertalhof.de\/wp-content\/uploads\/2014\/07\/DSCN2060-1600x1200.jpg 1600w\" sizes=\"(max-width: 440px) 100vw, 440px\" \/><\/a><p id=\"caption-attachment-729\" class=\"wp-caption-text\">Die unterschiedlichen Materialien in Nahaufnahme<\/p><\/div>\n<div id=\"attachment_726\" style=\"width: 450px\" class=\"wp-caption alignleft\"><a href=\"http:\/\/www.ommertalhof.de\/wp-content\/uploads\/2014\/07\/DSCN2054.jpg\"><img loading=\"lazy\" decoding=\"async\" aria-describedby=\"caption-attachment-726\" class=\"size-large wp-image-726\" src=\"http:\/\/www.ommertalhof.de\/wp-content\/uploads\/2014\/07\/DSCN2054-768x1024.jpg\" alt=\"Die zugeh\u00f6rigen Fl\u00e4chen sind mit graulaubigen , niedrigwachsenden Stauden Bepflanzt. Die Fl\u00e4che ist mit Schiefersplitt abgedeckt. Im Hintergrund ein Brunnen aus corten Stahl.\" width=\"440\" height=\"586\" srcset=\"http:\/\/www.ommertalhof.de\/wp-content\/uploads\/2014\/07\/DSCN2054-768x1024.jpg 768w, http:\/\/www.ommertalhof.de\/wp-content\/uploads\/2014\/07\/DSCN2054-720x960.jpg 720w, http:\/\/www.ommertalhof.de\/wp-content\/uploads\/2014\/07\/DSCN2054-1200x1600.jpg 1200w, http:\/\/www.ommertalhof.de\/wp-content\/uploads\/2014\/07\/DSCN2054.jpg 1704w\" sizes=\"(max-width: 440px) 100vw, 440px\" \/><\/a><p id=\"caption-attachment-726\" class=\"wp-caption-text\">Die zugeh\u00f6rigen Fl\u00e4chen sind mit graulaubigen , niedrigwachsenden Stauden bepflanzt. Die Fl\u00e4che ist mit Schiefersplitt abgedeckt. Im Hintergrund ein Brunnen aus corten Stahl.<\/p><\/div>\n<div id=\"attachment_721\" style=\"width: 450px\" class=\"wp-caption alignleft\"><a href=\"http:\/\/www.ommertalhof.de\/wp-content\/uploads\/2014\/07\/011.jpg\"><img loading=\"lazy\" decoding=\"async\" aria-describedby=\"caption-attachment-721\" class=\"size-large wp-image-721\" src=\"http:\/\/www.ommertalhof.de\/wp-content\/uploads\/2014\/07\/011-768x1024.jpg\" alt=\"Auf diesem Herbstbild sieht man die Mauer von hinten , sch\u00f6n zu erkennen , wie sich der Mauerverlauf an das Gel\u00e4nde anpasst.\" width=\"440\" height=\"586\" srcset=\"http:\/\/www.ommertalhof.de\/wp-content\/uploads\/2014\/07\/011-768x1024.jpg 768w, http:\/\/www.ommertalhof.de\/wp-content\/uploads\/2014\/07\/011-225x300.jpg 225w, http:\/\/www.ommertalhof.de\/wp-content\/uploads\/2014\/07\/011-720x960.jpg 720w, http:\/\/www.ommertalhof.de\/wp-content\/uploads\/2014\/07\/011-1200x1600.jpg 1200w\" sizes=\"(max-width: 440px) 100vw, 440px\" \/><\/a><p id=\"caption-attachment-721\" class=\"wp-caption-text\">Auf diesem Herbstbild sieht man die Mauer von hinten , sch\u00f6n zu erkennen , wie sich der Mauerverlauf an das Gel\u00e4nde anpasst.<\/p><\/div>\n<div id=\"attachment_725\" style=\"width: 450px\" class=\"wp-caption alignleft\"><a href=\"http:\/\/www.ommertalhof.de\/wp-content\/uploads\/2014\/07\/DSCN1988.jpg\"><img loading=\"lazy\" decoding=\"async\" aria-describedby=\"caption-attachment-725\" class=\"size-large wp-image-725\" src=\"http:\/\/www.ommertalhof.de\/wp-content\/uploads\/2014\/07\/DSCN1988-1024x768.jpg\" alt=\"Hier erkennt man die Bepflanzung vor und auf der Mauer .\" width=\"440\" height=\"330\" srcset=\"http:\/\/www.ommertalhof.de\/wp-content\/uploads\/2014\/07\/DSCN1988-1024x768.jpg 1024w, http:\/\/www.ommertalhof.de\/wp-content\/uploads\/2014\/07\/DSCN1988-300x224.jpg 300w, http:\/\/www.ommertalhof.de\/wp-content\/uploads\/2014\/07\/DSCN1988-960x720.jpg 960w, http:\/\/www.ommertalhof.de\/wp-content\/uploads\/2014\/07\/DSCN1988-1600x1200.jpg 1600w\" sizes=\"(max-width: 440px) 100vw, 440px\" \/><\/a><p id=\"caption-attachment-725\" class=\"wp-caption-text\">Hier erkennt man die Bepflanzung vor und auf der Mauer .<\/p><\/div>\n","protected":false},"excerpt":{"rendered":"","protected":false},"author":1,"featured_media":758,"comment_status":"open","ping_status":"open","sticky":false,"template":"","format":"standard","meta":{"_exactmetrics_skip_tracking":false,"_exactmetrics_sitenote_active":false,"_exactmetrics_sitenote_note":"","_exactmetrics_sitenote_category":0,"_monsterinsights_skip_tracking":false,"_monsterinsights_sitenote_active":false,"_monsterinsights_sitenote_note":"","_monsterinsights_sitenote_category":0,"footnotes":""},"categories":[1],"tags":[],"class_list":["post-720","post","type-post","status-publish","format-standard","has-post-thumbnail","hentry","category-beitrag"],"yoast_head":"<!-- This site is optimized with the Yoast SEO plugin v23.2 - https:\/\/yoast.com\/wordpress\/plugins\/seo\/ -->\n<title>Blog Patchworkmauer<\/title>\n<meta name=\"description\" content=\"Unsere Patchworkmauern mit Betonkern und Fundament , bestehen aus Naturstein , Ziegel , Holz und Glas. Eine Patchworkmauer wir aus Restst\u00fccken ,bzw. Abf\u00e4llen .\" \/>\n<meta name=\"robots\" content=\"index, follow, max-snippet:-1, max-image-preview:large, max-video-preview:-1\" \/>\n<link rel=\"canonical\" href=\"http:\/\/www.ommertalhof.de\/?p=720\" \/>\n<meta property=\"og:locale\" content=\"de_DE\" \/>\n<meta property=\"og:type\" content=\"article\" \/>\n<meta property=\"og:title\" content=\"Blog Patchworkmauer\" \/>\n<meta property=\"og:description\" content=\"Unsere Patchworkmauern mit Betonkern und Fundament , bestehen aus Naturstein , Ziegel , Holz und Glas. Eine Patchworkmauer wir aus Restst\u00fccken ,bzw. Abf\u00e4llen .\" \/>\n<meta property=\"og:url\" content=\"http:\/\/www.ommertalhof.de\/?p=720\" \/>\n<meta property=\"og:site_name\" content=\"Ommertalhof\" \/>\n<meta property=\"article:published_time\" content=\"2014-07-09T17:15:28+00:00\" \/>\n<meta property=\"article:modified_time\" content=\"2014-10-04T20:40:13+00:00\" \/>\n<meta property=\"og:image\" content=\"http:\/\/www.ommertalhof.de\/wp-content\/uploads\/2014\/10\/MauerKleiner.jpg\" \/>\n\t<meta property=\"og:image:width\" content=\"2000\" \/>\n\t<meta property=\"og:image:height\" content=\"1333\" \/>\n\t<meta property=\"og:image:type\" content=\"image\/jpeg\" \/>\n<meta name=\"author\" content=\"Frank Schroeder\" \/>\n<meta name=\"twitter:label1\" content=\"Verfasst von\" \/>\n\t<meta name=\"twitter:data1\" content=\"Frank Schroeder\" \/>\n\t<meta name=\"twitter:label2\" content=\"Gesch\u00e4tzte Lesezeit\" \/>\n\t<meta name=\"twitter:data2\" content=\"1\u00a0Minute\" \/>\n<script type=\"application\/ld+json\" class=\"yoast-schema-graph\">{\"@context\":\"https:\/\/schema.org\",\"@graph\":[{\"@type\":\"WebPage\",\"@id\":\"http:\/\/www.ommertalhof.de\/?p=720\",\"url\":\"http:\/\/www.ommertalhof.de\/?p=720\",\"name\":\"Blog Patchworkmauer\",\"isPartOf\":{\"@id\":\"http:\/\/www.ommertalhof.de\/#website\"},\"primaryImageOfPage\":{\"@id\":\"http:\/\/www.ommertalhof.de\/?p=720#primaryimage\"},\"image\":{\"@id\":\"http:\/\/www.ommertalhof.de\/?p=720#primaryimage\"},\"thumbnailUrl\":\"http:\/\/www.ommertalhof.de\/wp-content\/uploads\/2014\/10\/MauerKleiner.jpg\",\"datePublished\":\"2014-07-09T17:15:28+00:00\",\"dateModified\":\"2014-10-04T20:40:13+00:00\",\"author\":{\"@id\":\"http:\/\/www.ommertalhof.de\/#\/schema\/person\/1d8a83433d524a5c9375a770e7ae7005\"},\"description\":\"Unsere Patchworkmauern mit Betonkern und Fundament , bestehen aus Naturstein , Ziegel , Holz und Glas. Eine Patchworkmauer wir aus Restst\u00fccken ,bzw. Abf\u00e4llen .\",\"breadcrumb\":{\"@id\":\"http:\/\/www.ommertalhof.de\/?p=720#breadcrumb\"},\"inLanguage\":\"de\",\"potentialAction\":[{\"@type\":\"ReadAction\",\"target\":[\"http:\/\/www.ommertalhof.de\/?p=720\"]}]},{\"@type\":\"ImageObject\",\"inLanguage\":\"de\",\"@id\":\"http:\/\/www.ommertalhof.de\/?p=720#primaryimage\",\"url\":\"http:\/\/www.ommertalhof.de\/wp-content\/uploads\/2014\/10\/MauerKleiner.jpg\",\"contentUrl\":\"http:\/\/www.ommertalhof.de\/wp-content\/uploads\/2014\/10\/MauerKleiner.jpg\",\"width\":2000,\"height\":1333},{\"@type\":\"BreadcrumbList\",\"@id\":\"http:\/\/www.ommertalhof.de\/?p=720#breadcrumb\",\"itemListElement\":[{\"@type\":\"ListItem\",\"position\":1,\"name\":\"Home\",\"item\":\"http:\/\/www.ommertalhof.de\/\"},{\"@type\":\"ListItem\",\"position\":2,\"name\":\"Patchworkmauer\"}]},{\"@type\":\"WebSite\",\"@id\":\"http:\/\/www.ommertalhof.de\/#website\",\"url\":\"http:\/\/www.ommertalhof.de\/\",\"name\":\"Ommertalhof\",\"description\":\"Gartenmanufaktur und Landschaftsbau\",\"potentialAction\":[{\"@type\":\"SearchAction\",\"target\":{\"@type\":\"EntryPoint\",\"urlTemplate\":\"http:\/\/www.ommertalhof.de\/?s={search_term_string}\"},\"query-input\":\"required name=search_term_string\"}],\"inLanguage\":\"de\"},{\"@type\":\"Person\",\"@id\":\"http:\/\/www.ommertalhof.de\/#\/schema\/person\/1d8a83433d524a5c9375a770e7ae7005\",\"name\":\"Frank Schroeder\",\"image\":{\"@type\":\"ImageObject\",\"inLanguage\":\"de\",\"@id\":\"http:\/\/www.ommertalhof.de\/#\/schema\/person\/image\/\",\"url\":\"http:\/\/www.ommertalhof.de\/wp-content\/uploads\/2018\/02\/Nici-Frank-96x96.jpg\",\"contentUrl\":\"http:\/\/www.ommertalhof.de\/wp-content\/uploads\/2018\/02\/Nici-Frank-96x96.jpg\",\"caption\":\"Frank Schroeder\"},\"sameAs\":[\"http:\/\/www.ommertalhof.de\"],\"url\":\"http:\/\/www.ommertalhof.de\/?author=1\"}]}<\/script>\n<!-- \/ Yoast SEO plugin. -->","yoast_head_json":{"title":"Blog Patchworkmauer","description":"Unsere Patchworkmauern mit Betonkern und Fundament , bestehen aus Naturstein , Ziegel , Holz und Glas. Eine Patchworkmauer wir aus Restst\u00fccken ,bzw. Abf\u00e4llen .","robots":{"index":"index","follow":"follow","max-snippet":"max-snippet:-1","max-image-preview":"max-image-preview:large","max-video-preview":"max-video-preview:-1"},"canonical":"http:\/\/www.ommertalhof.de\/?p=720","og_locale":"de_DE","og_type":"article","og_title":"Blog Patchworkmauer","og_description":"Unsere Patchworkmauern mit Betonkern und Fundament , bestehen aus Naturstein , Ziegel , Holz und Glas. Eine Patchworkmauer wir aus Restst\u00fccken ,bzw. Abf\u00e4llen .","og_url":"http:\/\/www.ommertalhof.de\/?p=720","og_site_name":"Ommertalhof","article_published_time":"2014-07-09T17:15:28+00:00","article_modified_time":"2014-10-04T20:40:13+00:00","og_image":[{"width":2000,"height":1333,"url":"http:\/\/www.ommertalhof.de\/wp-content\/uploads\/2014\/10\/MauerKleiner.jpg","type":"image\/jpeg"}],"author":"Frank Schroeder","twitter_misc":{"Verfasst von":"Frank Schroeder","Gesch\u00e4tzte Lesezeit":"1\u00a0Minute"},"schema":{"@context":"https:\/\/schema.org","@graph":[{"@type":"WebPage","@id":"http:\/\/www.ommertalhof.de\/?p=720","url":"http:\/\/www.ommertalhof.de\/?p=720","name":"Blog Patchworkmauer","isPartOf":{"@id":"http:\/\/www.ommertalhof.de\/#website"},"primaryImageOfPage":{"@id":"http:\/\/www.ommertalhof.de\/?p=720#primaryimage"},"image":{"@id":"http:\/\/www.ommertalhof.de\/?p=720#primaryimage"},"thumbnailUrl":"http:\/\/www.ommertalhof.de\/wp-content\/uploads\/2014\/10\/MauerKleiner.jpg","datePublished":"2014-07-09T17:15:28+00:00","dateModified":"2014-10-04T20:40:13+00:00","author":{"@id":"http:\/\/www.ommertalhof.de\/#\/schema\/person\/1d8a83433d524a5c9375a770e7ae7005"},"description":"Unsere Patchworkmauern mit Betonkern und Fundament , bestehen aus Naturstein , Ziegel , Holz und Glas. Eine Patchworkmauer wir aus Restst\u00fccken ,bzw. Abf\u00e4llen .","breadcrumb":{"@id":"http:\/\/www.ommertalhof.de\/?p=720#breadcrumb"},"inLanguage":"de","potentialAction":[{"@type":"ReadAction","target":["http:\/\/www.ommertalhof.de\/?p=720"]}]},{"@type":"ImageObject","inLanguage":"de","@id":"http:\/\/www.ommertalhof.de\/?p=720#primaryimage","url":"http:\/\/www.ommertalhof.de\/wp-content\/uploads\/2014\/10\/MauerKleiner.jpg","contentUrl":"http:\/\/www.ommertalhof.de\/wp-content\/uploads\/2014\/10\/MauerKleiner.jpg","width":2000,"height":1333},{"@type":"BreadcrumbList","@id":"http:\/\/www.ommertalhof.de\/?p=720#breadcrumb","itemListElement":[{"@type":"ListItem","position":1,"name":"Home","item":"http:\/\/www.ommertalhof.de\/"},{"@type":"ListItem","position":2,"name":"Patchworkmauer"}]},{"@type":"WebSite","@id":"http:\/\/www.ommertalhof.de\/#website","url":"http:\/\/www.ommertalhof.de\/","name":"Ommertalhof","description":"Gartenmanufaktur und Landschaftsbau","potentialAction":[{"@type":"SearchAction","target":{"@type":"EntryPoint","urlTemplate":"http:\/\/www.ommertalhof.de\/?s={search_term_string}"},"query-input":"required name=search_term_string"}],"inLanguage":"de"},{"@type":"Person","@id":"http:\/\/www.ommertalhof.de\/#\/schema\/person\/1d8a83433d524a5c9375a770e7ae7005","name":"Frank Schroeder","image":{"@type":"ImageObject","inLanguage":"de","@id":"http:\/\/www.ommertalhof.de\/#\/schema\/person\/image\/","url":"http:\/\/www.ommertalhof.de\/wp-content\/uploads\/2018\/02\/Nici-Frank-96x96.jpg","contentUrl":"http:\/\/www.ommertalhof.de\/wp-content\/uploads\/2018\/02\/Nici-Frank-96x96.jpg","caption":"Frank Schroeder"},"sameAs":["http:\/\/www.ommertalhof.de"],"url":"http:\/\/www.ommertalhof.de\/?author=1"}]}},"_links":{"self":[{"href":"http:\/\/www.ommertalhof.de\/index.php?rest_route=\/wp\/v2\/posts\/720"}],"collection":[{"href":"http:\/\/www.ommertalhof.de\/index.php?rest_route=\/wp\/v2\/posts"}],"about":[{"href":"http:\/\/www.ommertalhof.de\/index.php?rest_route=\/wp\/v2\/types\/post"}],"author":[{"embeddable":true,"href":"http:\/\/www.ommertalhof.de\/index.php?rest_route=\/wp\/v2\/users\/1"}],"replies":[{"embeddable":true,"href":"http:\/\/www.ommertalhof.de\/index.php?rest_route=%2Fwp%2Fv2%2Fcomments&post=720"}],"version-history":[{"count":3,"href":"http:\/\/www.ommertalhof.de\/index.php?rest_route=\/wp\/v2\/posts\/720\/revisions"}],"predecessor-version":[{"id":733,"href":"http:\/\/www.ommertalhof.de\/index.php?rest_route=\/wp\/v2\/posts\/720\/revisions\/733"}],"wp:featuredmedia":[{"embeddable":true,"href":"http:\/\/www.ommertalhof.de\/index.php?rest_route=\/wp\/v2\/media\/758"}],"wp:attachment":[{"href":"http:\/\/www.ommertalhof.de\/index.php?rest_route=%2Fwp%2Fv2%2Fmedia&parent=720"}],"wp:term":[{"taxonomy":"category","embeddable":true,"href":"http:\/\/www.ommertalhof.de\/index.php?rest_route=%2Fwp%2Fv2%2Fcategories&post=720"},{"taxonomy":"post_tag","embeddable":true,"href":"http:\/\/www.ommertalhof.de\/index.php?rest_route=%2Fwp%2Fv2%2Ftags&post=720"}],"curies":[{"name":"wp","href":"https:\/\/api.w.org\/{rel}","templated":true}]}}